{"id":28082,"date":"2015-04-28T08:50:49","date_gmt":"2015-04-28T06:50:49","guid":{"rendered":"http:\/\/www.popandsoda.com\/en\/?p=28082"},"modified":"2021-04-16T18:48:46","modified_gmt":"2021-04-16T16:48:46","slug":"sortie-du-livre-collectif-atelier-patisserie-chez-les-blogueuses","status":"publish","type":"post","link":"https:\/\/www.popandsoda.com\/en\/sortie-du-livre-collectif-atelier-patisserie-chez-les-blogueuses\/","title":{"rendered":"Il sort du four, le livre collectif : &#8220;Atelier p\u00e2tisserie chez les blogueuses&#8221;"},"content":{"rendered":"<p>Les fins d&#8217;ann\u00e9es, c&#8217;est un petit peu toujours l&#8217;occasion de faire un bilan. \u00c7a ne m&#8217;arrive pas syst\u00e9matiquement, mais l&#8217;ann\u00e9e derni\u00e8re, en jetant un coup d&#8217;oeil derri\u00e8re moi, je me suis rendue compte d&#8217;une chose : sur l&#8217;espace d&#8217;un an, je n&#8217;avais pratiquement rien produit de constructif ou d\u2019excitant.<br \/>\nSi l&#8217;ann\u00e9e 2013 avait \u00e9t\u00e9 relativement pourrie, avec son lot de chamboulements professionnels; pour l&#8217;ann\u00e9e 2014 c&#8217;\u00e9tait plut\u00f4t le calme plat, et en fin de compte cette ann\u00e9e ne se r\u00e9sumait qu&#8217;\u00e0 une chose: le fait d&#8217;\u00eatre assise derri\u00e8re un ordi \u00e0 bosser. Quant aux week-ends, si je ne bossais pas, je les passais vautr\u00e9e dans le canap\u00e9, avec juste assez d\u2019\u00e9nergie pour regarder une s\u00e9rie sans m\u2019endormir dessus.<\/p>\n<p>J&#8217;ai une chance \u00e9norme de pouvoir faire ce que je fais, et je suis tr\u00e8s mal plac\u00e9e pour me plaindre. Mais \u00e7a fera bient\u00f4t un an et demi que je passe mes journ\u00e9es dans un univers tr\u00e8s masculin (je suis entour\u00e9e d&#8217;une trentaine d&#8217;ing\u00e9nieurs informatique toute la journ\u00e9e et je suis la seule fille. Vous voyez le tableau ?), je vous laisse donc imaginer \u00e0 quel point j&#8217;ai besoin de rose et de girly le reste du temps, histoire de garder un esprit sain et un semblant de f\u00e9minit\u00e9.<\/p>\n<p>En novembre de l&#8217;ann\u00e9e derni\u00e8re, je me suis dit qu&#8217;il \u00e9tait temps de d\u00e9broussailler un petit peu ce blog et de me faire plaisir un peu plus souvent, puisque c&#8217;est aussi \u00e0 travers ce petit espace et en \u00e9changeant avec vous que je retrouve cet \u00e9quilibre f\u00e9minin &#8211; Et parce que je ne voit plus assez mes copines ! -.<br \/>\nJ&#8217;ai d\u00e9cid\u00e9 de prendre les choses en main, de m&#8217;organiser pour poster plus souvent et de rafraichir le blog.<\/p>\n<p>Et puis c&#8217;est pile poil \u00e0 cette p\u00e9riode que Larousse m&#8217;a contact\u00e9 pour me proposer de participer \u00e0 un livre de recette collectif.<br \/>\nPass\u00e9 la surprise (!!!), la deadline \u00e9tait courte : 5 recettes \u00e0 r\u00e9aliser pour d\u00e9but janvier.<\/p>\n<p>Eh bien heureusement que j&#8217;avais pr\u00e9vu des vacances ! Entre les f\u00eates de fin d&#8217;ann\u00e9e et la reprise, je n&#8217;avais qu&#8217;une petite semaine pour tout r\u00e9aliser.<br \/>\nLe bon c\u00f4t\u00e9 des choses, c&#8217;est que je me suis surprise \u00e0 plus de rapidit\u00e9 que je ne le pensais, et que cet exercice m&#8217;a permis de me remettre dans le bain. Ce n&#8217;est pas tr\u00e8s diff\u00e9rent de l&#8217;aspect blog en fin de compte, si ce n&#8217;est que les images se retrouvent sur papier.<br \/>\nLe moins bon c\u00f4t\u00e9, c&#8217;est qu&#8217;avec du recul, j&#8217;aurai aim\u00e9 avoir plus de temps pour peaufiner certaines choses, un peu plus r\u00e9fl\u00e9chir les recettes, et proposer d&#8217;autres id\u00e9es.<\/p>\n<p>Alors de quoi s&#8217;agit-il ? D&#8217;un livre de p\u00e2tisserie collectif \u00e9dit\u00e9 chez Larousse, qui contient pas moins de 50 recettes, r\u00e9alis\u00e9es par 10 blogueuses, soit 5 recettes par blogueuse.<br \/>\n&#8220;<em>Atelier p\u00e2tisserie chez les blogueuses&#8221;<\/em> sort aujourd&#8217;hui en librairie, et il est bien s\u00fbr aussi accessible en <a href=\"http:\/\/www.amazon.fr\/Atelier-p%C3%A2tisserie-chez-blogueuses-Collectif\/dp\/2035906474\/ref=sr_1_1?ie=UTF8&amp;qid=1430127602&amp;sr=8-1&amp;keywords=atelier+blogueuse\" target=\"_blank\" rel=\"noopener\">ligne<\/a> (mais pensez \u00e0 faire vivre les libraires !).<\/p>\n<p><a href=\"https:\/\/i0.wp.com\/www.popandsoda.com\/medias\/2015\/04\/larousse1.jpg?ssl=1\"><img data-recalc-dims=\"1\" loading=\"lazy\" decoding=\"async\" class=\"alignnone size-full wp-image-28084\" src=\"https:\/\/i0.wp.com\/www.popandsoda.com\/medias\/2015\/04\/larousse1.jpg?resize=710%2C1065&#038;ssl=1\" alt=\"larousse1\" width=\"710\" height=\"1065\"><\/a><\/p>\n<p>Je n&#8217;ai pas encore eu l&#8217;occasion de le feuilleter. Je suis f\u00e9brile \u00e0 l&#8217;id\u00e9e de l&#8217;avoir en main, de l&#8217;ouvrir et de d\u00e9couvrir par la m\u00eame occasion les recettes des copines qui y ont particip\u00e9 !<br \/>\nJe vous promet aussi un concours d&#8217;ici peu pour vous faire gagner des exemplaires.<\/p>\n<p><a href=\"https:\/\/i0.wp.com\/www.popandsoda.com\/medias\/2015\/04\/larousse2.jpg?ssl=1\"><img data-recalc-dims=\"1\" loading=\"lazy\" decoding=\"async\" class=\"alignnone size-full wp-image-28085\" src=\"https:\/\/i0.wp.com\/www.popandsoda.com\/medias\/2015\/04\/larousse2.jpg?resize=710%2C1064&#038;ssl=1\" alt=\"larousse2\" width=\"710\" height=\"1064\"><\/a><\/p>\n<p>Les deux photos ci-dessus ont \u00e9t\u00e9 r\u00e9alis\u00e9es pour l&#8217;occasion, mais je ne vous dirais pas laquelle est reprise dans le livre !<\/p>\n<p>Retrouvez toutes les talentueuses participantes sur leurs blogs respectifs (je suis bien entour\u00e9e) : <a title=\"Chloe Delice\" href=\"http:\/\/chloedelice.blogspot.fr\/\" target=\"_blank\" rel=\"noopener\">Chlo\u00e9 Delice<\/a> &#8211; <a href=\"http:\/\/fraise-basilic.com\/\" target=\"_blank\" rel=\"noopener\">Fraise &amp; Basilic<\/a> &#8211; <a href=\"http:\/\/www.juicesandcakes.fr\/\" target=\"_blank\" rel=\"noopener\">Juices &amp; Cakes<\/a> &#8211; <a href=\"http:\/\/www.jujube-en-cuisine.fr\/\" target=\"_blank\" rel=\"noopener\">Jujube en Cuisine<\/a> &#8211; <a href=\"http:\/\/www.la-gourmandise-selon-angie.com\/\" target=\"_blank\" rel=\"noopener\">La gourmandise selon Angie<\/a> &#8211; <a href=\"http:\/\/laraffinerieculinaire.com\/\" target=\"_blank\" rel=\"noopener\">La Raffinerie Culinaire<\/a> &#8211; <a href=\"http:\/\/liliebakery.fr\/\" target=\"_blank\" rel=\"noopener\">Lilie Bakery<\/a> &#8211; <a href=\"http:\/\/petitsbeguins.fr\/\" target=\"_blank\" rel=\"noopener\">Petits B\u00e9guins<\/a> &#8211; <a href=\"http:\/\/pourquoi-je-grossis.blogspot.fr\" target=\"_blank\" rel=\"noopener\">Pourquoi je Grossis<\/a><\/p>\n<p>Et histoire de vous faire saliver encore plus, le livre fait partie d&#8217;une collection dont vous avez peut-\u00eatre d\u00e9j\u00e0 vu passer la version vegan (<a href=\"http:\/\/www.amazon.fr\/blogueuses-cuisinent-vegan-Collectif\/dp\/2035880386\/ref=sr_1_1?ie=UTF8&amp;qid=1430213697&amp;sr=8-1&amp;keywords=blogueuses\" target=\"_blank\" rel=\"noopener\"><i>Les blogueuses cuisinent vegan<\/i><\/a>), sorti il y a un mois et un livre sp\u00e9cial ap\u00e9ro (<a href=\"http:\/\/www.amazon.fr\/blogueuses-vous-invitent-%C3%A0-lap%C3%A9ro\/dp\/2035904765\/ref=sr_1_22?ie=UTF8&amp;qid=1430213708&amp;sr=8-22&amp;keywords=blogueuses\" target=\"_blank\" rel=\"noopener\"><i>Les blogueuses vous invitent \u00e0 l&#8217;ap\u00e9ro<\/i><\/a>), qui sort aujourd&#8217;hui aussi.<\/p>\n<p>J&#8217;esp\u00e8re que ce petit receuil vous plaira !<\/p>\n","protected":false},"excerpt":{"rendered":"<p>Les fins d&#8217;ann\u00e9es, c&#8217;est un petit peu toujours l&#8217;occasion de faire un bilan. \u00c7a ne m&#8217;arrive pas syst\u00e9matiquement, mais l&#8217;ann\u00e9e derni\u00e8re, en jetant un coup d&#8217;oeil derri\u00e8re moi, je me&#8230;<\/p>\n","protected":false},"author":1,"featured_media":33950,"comment_status":"open","ping_status":"open","sticky":false,"template":"","format":"standard","meta":{"footnotes":""},"categories":[4,327,39],"tags":[2,328,143,329,330,10],"class_list":{"0":"post-28082","1":"post","2":"type-post","3":"status-publish","4":"format-standard","5":"has-post-thumbnail","7":"category-desserts","8":"category-en-librairie","9":"category-non-classifiee","10":"tag-cuisine","11":"tag-larousse","12":"tag-livre","13":"tag-livre-de-recette","14":"tag-patisserie","15":"tag-recette"},"yoast_head":"<!-- This site is optimized with the Yoast SEO plugin v27.4 - https:\/\/yoast.com\/product\/yoast-seo-wordpress\/ -->\n<title>Il sort du four, le livre collectif : \u00ab Atelier p\u00e2tisserie chez les blogueuses \u00bb<\/title>\n<meta name=\"description\" content=\"sorttie du livre atleier p\u00e2tisserie chez les blogueses, Larousse\" \/>\n<meta name=\"robots\" content=\"index, follow, max-snippet:-1, max-image-preview:large, max-video-preview:-1\" \/>\n<link rel=\"canonical\" href=\"https:\/\/www.popandsoda.com\/en\/sortie-du-livre-collectif-atelier-patisserie-chez-les-blogueuses\/\" \/>\n<meta property=\"og:locale\" content=\"en_US\" \/>\n<meta property=\"og:type\" content=\"article\" \/>\n<meta property=\"og:title\" content=\"Il sort du four, le livre collectif : \u00ab Atelier p\u00e2tisserie chez les blogueuses \u00bb\" \/>\n<meta property=\"og:description\" content=\"sorttie du livre atleier p\u00e2tisserie chez les blogueses, Larousse\" \/>\n<meta property=\"og:url\" content=\"https:\/\/www.popandsoda.com\/en\/sortie-du-livre-collectif-atelier-patisserie-chez-les-blogueuses\/\" \/>\n<meta property=\"og:site_name\" content=\"Pop &amp; Soda\" \/>\n<meta property=\"article:published_time\" content=\"2015-04-28T06:50:49+00:00\" \/>\n<meta property=\"article:modified_time\" content=\"2021-04-16T16:48:46+00:00\" \/>\n<meta property=\"og:image\" content=\"https:\/\/i0.wp.com\/www.popandsoda.com\/medias\/2015\/04\/Atelier-patisserie-des-blogueuses-larousse1.jpg?fit=710%2C1065&ssl=1\" \/>\n\t<meta property=\"og:image:width\" content=\"710\" \/>\n\t<meta property=\"og:image:height\" content=\"1065\" \/>\n\t<meta property=\"og:image:type\" content=\"image\/jpeg\" \/>\n<meta name=\"author\" content=\"malak\" \/>\n<meta name=\"twitter:card\" content=\"summary_large_image\" \/>\n<meta name=\"twitter:label1\" content=\"Written by\" \/>\n\t<meta name=\"twitter:data1\" content=\"malak\" \/>\n\t<meta name=\"twitter:label2\" content=\"Est. reading time\" \/>\n\t<meta name=\"twitter:data2\" content=\"4 minutes\" \/>\n<script type=\"application\/ld+json\" class=\"yoast-schema-graph\">{\"@context\":\"https:\\\/\\\/schema.org\",\"@graph\":[{\"@type\":\"Article\",\"@id\":\"https:\\\/\\\/www.popandsoda.com\\\/en\\\/sortie-du-livre-collectif-atelier-patisserie-chez-les-blogueuses\\\/#article\",\"isPartOf\":{\"@id\":\"https:\\\/\\\/www.popandsoda.com\\\/en\\\/sortie-du-livre-collectif-atelier-patisserie-chez-les-blogueuses\\\/\"},\"author\":{\"name\":\"malak\",\"@id\":\"https:\\\/\\\/www.popandsoda.com\\\/en\\\/#\\\/schema\\\/person\\\/33106032acf03d5a69c88ef4af3c685f\"},\"headline\":\"Il sort du four, le livre collectif : &#8220;Atelier p\u00e2tisserie chez les blogueuses&#8221;\",\"datePublished\":\"2015-04-28T06:50:49+00:00\",\"dateModified\":\"2021-04-16T16:48:46+00:00\",\"mainEntityOfPage\":{\"@id\":\"https:\\\/\\\/www.popandsoda.com\\\/en\\\/sortie-du-livre-collectif-atelier-patisserie-chez-les-blogueuses\\\/\"},\"wordCount\":764,\"commentCount\":6,\"image\":{\"@id\":\"https:\\\/\\\/www.popandsoda.com\\\/en\\\/sortie-du-livre-collectif-atelier-patisserie-chez-les-blogueuses\\\/#primaryimage\"},\"thumbnailUrl\":\"https:\\\/\\\/i0.wp.com\\\/www.popandsoda.com\\\/wp-content\\\/uploads\\\/2015\\\/04\\\/Atelier-patisserie-des-blogueuses-larousse1.jpg?fit=710%2C1065&ssl=1\",\"keywords\":[\"cuisine\",\"Larousse\",\"livre\",\"livre de recette\",\"p\u00e2tisserie\",\"recette\"],\"articleSection\":[\"Desserts\",\"En Librairie\",\"Non classifi\u00e9(e)\"],\"inLanguage\":\"en-US\",\"potentialAction\":[{\"@type\":\"CommentAction\",\"name\":\"Comment\",\"target\":[\"https:\\\/\\\/www.popandsoda.com\\\/en\\\/sortie-du-livre-collectif-atelier-patisserie-chez-les-blogueuses\\\/#respond\"]}]},{\"@type\":\"WebPage\",\"@id\":\"https:\\\/\\\/www.popandsoda.com\\\/en\\\/sortie-du-livre-collectif-atelier-patisserie-chez-les-blogueuses\\\/\",\"url\":\"https:\\\/\\\/www.popandsoda.com\\\/en\\\/sortie-du-livre-collectif-atelier-patisserie-chez-les-blogueuses\\\/\",\"name\":\"Il sort du four, le livre collectif : \u00ab Atelier p\u00e2tisserie chez les blogueuses \u00bb\",\"isPartOf\":{\"@id\":\"https:\\\/\\\/www.popandsoda.com\\\/en\\\/#website\"},\"primaryImageOfPage\":{\"@id\":\"https:\\\/\\\/www.popandsoda.com\\\/en\\\/sortie-du-livre-collectif-atelier-patisserie-chez-les-blogueuses\\\/#primaryimage\"},\"image\":{\"@id\":\"https:\\\/\\\/www.popandsoda.com\\\/en\\\/sortie-du-livre-collectif-atelier-patisserie-chez-les-blogueuses\\\/#primaryimage\"},\"thumbnailUrl\":\"https:\\\/\\\/i0.wp.com\\\/www.popandsoda.com\\\/wp-content\\\/uploads\\\/2015\\\/04\\\/Atelier-patisserie-des-blogueuses-larousse1.jpg?fit=710%2C1065&ssl=1\",\"datePublished\":\"2015-04-28T06:50:49+00:00\",\"dateModified\":\"2021-04-16T16:48:46+00:00\",\"author\":{\"@id\":\"https:\\\/\\\/www.popandsoda.com\\\/en\\\/#\\\/schema\\\/person\\\/33106032acf03d5a69c88ef4af3c685f\"},\"description\":\"sorttie du livre atleier p\u00e2tisserie chez les blogueses, Larousse\",\"breadcrumb\":{\"@id\":\"https:\\\/\\\/www.popandsoda.com\\\/en\\\/sortie-du-livre-collectif-atelier-patisserie-chez-les-blogueuses\\\/#breadcrumb\"},\"inLanguage\":\"en-US\",\"potentialAction\":[{\"@type\":\"ReadAction\",\"target\":[\"https:\\\/\\\/www.popandsoda.com\\\/en\\\/sortie-du-livre-collectif-atelier-patisserie-chez-les-blogueuses\\\/\"]}]},{\"@type\":\"ImageObject\",\"inLanguage\":\"en-US\",\"@id\":\"https:\\\/\\\/www.popandsoda.com\\\/en\\\/sortie-du-livre-collectif-atelier-patisserie-chez-les-blogueuses\\\/#primaryimage\",\"url\":\"https:\\\/\\\/i0.wp.com\\\/www.popandsoda.com\\\/wp-content\\\/uploads\\\/2015\\\/04\\\/Atelier-patisserie-des-blogueuses-larousse1.jpg?fit=710%2C1065&ssl=1\",\"contentUrl\":\"https:\\\/\\\/i0.wp.com\\\/www.popandsoda.com\\\/wp-content\\\/uploads\\\/2015\\\/04\\\/Atelier-patisserie-des-blogueuses-larousse1.jpg?fit=710%2C1065&ssl=1\",\"width\":710,\"height\":1065},{\"@type\":\"BreadcrumbList\",\"@id\":\"https:\\\/\\\/www.popandsoda.com\\\/en\\\/sortie-du-livre-collectif-atelier-patisserie-chez-les-blogueuses\\\/#breadcrumb\",\"itemListElement\":[{\"@type\":\"ListItem\",\"position\":1,\"name\":\"Accueil\",\"item\":\"https:\\\/\\\/www.popandsoda.com\\\/en\\\/\"},{\"@type\":\"ListItem\",\"position\":2,\"name\":\"Il sort du four, le livre collectif : &#8220;Atelier p\u00e2tisserie chez les blogueuses&#8221;\"}]},{\"@type\":\"WebSite\",\"@id\":\"https:\\\/\\\/www.popandsoda.com\\\/en\\\/#website\",\"url\":\"https:\\\/\\\/www.popandsoda.com\\\/en\\\/\",\"name\":\"Pop &amp; Soda\",\"description\":\"Photographe Culinaire \u00e0 Bruxelles\",\"potentialAction\":[{\"@type\":\"SearchAction\",\"target\":{\"@type\":\"EntryPoint\",\"urlTemplate\":\"https:\\\/\\\/www.popandsoda.com\\\/en\\\/?s={search_term_string}\"},\"query-input\":{\"@type\":\"PropertyValueSpecification\",\"valueRequired\":true,\"valueName\":\"search_term_string\"}}],\"inLanguage\":\"en-US\"},{\"@type\":\"Person\",\"@id\":\"https:\\\/\\\/www.popandsoda.com\\\/en\\\/#\\\/schema\\\/person\\\/33106032acf03d5a69c88ef4af3c685f\",\"name\":\"malak\",\"image\":{\"@type\":\"ImageObject\",\"inLanguage\":\"en-US\",\"@id\":\"https:\\\/\\\/secure.gravatar.com\\\/avatar\\\/c9be51b6250ba6bfdb0a0e8761e68f9ba5628d3fd6586be4b11be162952cfe99?s=96&d=mm&r=g\",\"url\":\"https:\\\/\\\/secure.gravatar.com\\\/avatar\\\/c9be51b6250ba6bfdb0a0e8761e68f9ba5628d3fd6586be4b11be162952cfe99?s=96&d=mm&r=g\",\"contentUrl\":\"https:\\\/\\\/secure.gravatar.com\\\/avatar\\\/c9be51b6250ba6bfdb0a0e8761e68f9ba5628d3fd6586be4b11be162952cfe99?s=96&d=mm&r=g\",\"caption\":\"malak\"},\"sameAs\":[\"http:\\\/\\\/popandsoda.test.malak.be\"],\"url\":\"https:\\\/\\\/www.popandsoda.com\\\/en\\\/author\\\/malak\\\/\"}]}<\/script>\n<!-- \/ Yoast SEO plugin. -->","yoast_head_json":{"title":"Il sort du four, le livre collectif : \u00ab Atelier p\u00e2tisserie chez les blogueuses \u00bb","description":"sorttie du livre atleier p\u00e2tisserie chez les blogueses, Larousse","robots":{"index":"index","follow":"follow","max-snippet":"max-snippet:-1","max-image-preview":"max-image-preview:large","max-video-preview":"max-video-preview:-1"},"canonical":"https:\/\/www.popandsoda.com\/en\/sortie-du-livre-collectif-atelier-patisserie-chez-les-blogueuses\/","og_locale":"en_US","og_type":"article","og_title":"Il sort du four, le livre collectif : \u00ab Atelier p\u00e2tisserie chez les blogueuses \u00bb","og_description":"sorttie du livre atleier p\u00e2tisserie chez les blogueses, Larousse","og_url":"https:\/\/www.popandsoda.com\/en\/sortie-du-livre-collectif-atelier-patisserie-chez-les-blogueuses\/","og_site_name":"Pop &amp; Soda","article_published_time":"2015-04-28T06:50:49+00:00","article_modified_time":"2021-04-16T16:48:46+00:00","og_image":[{"width":710,"height":1065,"url":"https:\/\/i0.wp.com\/www.popandsoda.com\/medias\/2015\/04\/Atelier-patisserie-des-blogueuses-larousse1.jpg?fit=710%2C1065&ssl=1","type":"image\/jpeg"}],"author":"malak","twitter_card":"summary_large_image","twitter_misc":{"Written by":"malak","Est. reading time":"4 minutes"},"schema":{"@context":"https:\/\/schema.org","@graph":[{"@type":"Article","@id":"https:\/\/www.popandsoda.com\/en\/sortie-du-livre-collectif-atelier-patisserie-chez-les-blogueuses\/#article","isPartOf":{"@id":"https:\/\/www.popandsoda.com\/en\/sortie-du-livre-collectif-atelier-patisserie-chez-les-blogueuses\/"},"author":{"name":"malak","@id":"https:\/\/www.popandsoda.com\/en\/#\/schema\/person\/33106032acf03d5a69c88ef4af3c685f"},"headline":"Il sort du four, le livre collectif : &#8220;Atelier p\u00e2tisserie chez les blogueuses&#8221;","datePublished":"2015-04-28T06:50:49+00:00","dateModified":"2021-04-16T16:48:46+00:00","mainEntityOfPage":{"@id":"https:\/\/www.popandsoda.com\/en\/sortie-du-livre-collectif-atelier-patisserie-chez-les-blogueuses\/"},"wordCount":764,"commentCount":6,"image":{"@id":"https:\/\/www.popandsoda.com\/en\/sortie-du-livre-collectif-atelier-patisserie-chez-les-blogueuses\/#primaryimage"},"thumbnailUrl":"https:\/\/i0.wp.com\/www.popandsoda.com\/medias\/2015\/04\/Atelier-patisserie-des-blogueuses-larousse1.jpg?fit=710%2C1065&ssl=1","keywords":["cuisine","Larousse","livre","livre de recette","p\u00e2tisserie","recette"],"articleSection":["Desserts","En Librairie","Non classifi\u00e9(e)"],"inLanguage":"en-US","potentialAction":[{"@type":"CommentAction","name":"Comment","target":["https:\/\/www.popandsoda.com\/en\/sortie-du-livre-collectif-atelier-patisserie-chez-les-blogueuses\/#respond"]}]},{"@type":"WebPage","@id":"https:\/\/www.popandsoda.com\/en\/sortie-du-livre-collectif-atelier-patisserie-chez-les-blogueuses\/","url":"https:\/\/www.popandsoda.com\/en\/sortie-du-livre-collectif-atelier-patisserie-chez-les-blogueuses\/","name":"Il sort du four, le livre collectif : \u00ab Atelier p\u00e2tisserie chez les blogueuses \u00bb","isPartOf":{"@id":"https:\/\/www.popandsoda.com\/en\/#website"},"primaryImageOfPage":{"@id":"https:\/\/www.popandsoda.com\/en\/sortie-du-livre-collectif-atelier-patisserie-chez-les-blogueuses\/#primaryimage"},"image":{"@id":"https:\/\/www.popandsoda.com\/en\/sortie-du-livre-collectif-atelier-patisserie-chez-les-blogueuses\/#primaryimage"},"thumbnailUrl":"https:\/\/i0.wp.com\/www.popandsoda.com\/medias\/2015\/04\/Atelier-patisserie-des-blogueuses-larousse1.jpg?fit=710%2C1065&ssl=1","datePublished":"2015-04-28T06:50:49+00:00","dateModified":"2021-04-16T16:48:46+00:00","author":{"@id":"https:\/\/www.popandsoda.com\/en\/#\/schema\/person\/33106032acf03d5a69c88ef4af3c685f"},"description":"sorttie du livre atleier p\u00e2tisserie chez les blogueses, Larousse","breadcrumb":{"@id":"https:\/\/www.popandsoda.com\/en\/sortie-du-livre-collectif-atelier-patisserie-chez-les-blogueuses\/#breadcrumb"},"inLanguage":"en-US","potentialAction":[{"@type":"ReadAction","target":["https:\/\/www.popandsoda.com\/en\/sortie-du-livre-collectif-atelier-patisserie-chez-les-blogueuses\/"]}]},{"@type":"ImageObject","inLanguage":"en-US","@id":"https:\/\/www.popandsoda.com\/en\/sortie-du-livre-collectif-atelier-patisserie-chez-les-blogueuses\/#primaryimage","url":"https:\/\/i0.wp.com\/www.popandsoda.com\/medias\/2015\/04\/Atelier-patisserie-des-blogueuses-larousse1.jpg?fit=710%2C1065&ssl=1","contentUrl":"https:\/\/i0.wp.com\/www.popandsoda.com\/medias\/2015\/04\/Atelier-patisserie-des-blogueuses-larousse1.jpg?fit=710%2C1065&ssl=1","width":710,"height":1065},{"@type":"BreadcrumbList","@id":"https:\/\/www.popandsoda.com\/en\/sortie-du-livre-collectif-atelier-patisserie-chez-les-blogueuses\/#breadcrumb","itemListElement":[{"@type":"ListItem","position":1,"name":"Accueil","item":"https:\/\/www.popandsoda.com\/en\/"},{"@type":"ListItem","position":2,"name":"Il sort du four, le livre collectif : &#8220;Atelier p\u00e2tisserie chez les blogueuses&#8221;"}]},{"@type":"WebSite","@id":"https:\/\/www.popandsoda.com\/en\/#website","url":"https:\/\/www.popandsoda.com\/en\/","name":"Pop &amp; Soda","description":"Photographe Culinaire \u00e0 Bruxelles","potentialAction":[{"@type":"SearchAction","target":{"@type":"EntryPoint","urlTemplate":"https:\/\/www.popandsoda.com\/en\/?s={search_term_string}"},"query-input":{"@type":"PropertyValueSpecification","valueRequired":true,"valueName":"search_term_string"}}],"inLanguage":"en-US"},{"@type":"Person","@id":"https:\/\/www.popandsoda.com\/en\/#\/schema\/person\/33106032acf03d5a69c88ef4af3c685f","name":"malak","image":{"@type":"ImageObject","inLanguage":"en-US","@id":"https:\/\/secure.gravatar.com\/avatar\/c9be51b6250ba6bfdb0a0e8761e68f9ba5628d3fd6586be4b11be162952cfe99?s=96&d=mm&r=g","url":"https:\/\/secure.gravatar.com\/avatar\/c9be51b6250ba6bfdb0a0e8761e68f9ba5628d3fd6586be4b11be162952cfe99?s=96&d=mm&r=g","contentUrl":"https:\/\/secure.gravatar.com\/avatar\/c9be51b6250ba6bfdb0a0e8761e68f9ba5628d3fd6586be4b11be162952cfe99?s=96&d=mm&r=g","caption":"malak"},"sameAs":["http:\/\/popandsoda.test.malak.be"],"url":"https:\/\/www.popandsoda.com\/en\/author\/malak\/"}]}},"jetpack_featured_media_url":"https:\/\/i0.wp.com\/www.popandsoda.com\/medias\/2015\/04\/Atelier-patisserie-des-blogueuses-larousse1.jpg?fit=710%2C1065&ssl=1","jetpack_shortlink":"https:\/\/wp.me\/pd2mPb-7iW","_links":{"self":[{"href":"https:\/\/www.popandsoda.com\/en\/wp-json\/wp\/v2\/posts\/28082","targetHints":{"allow":["GET"]}}],"collection":[{"href":"https:\/\/www.popandsoda.com\/en\/wp-json\/wp\/v2\/posts"}],"about":[{"href":"https:\/\/www.popandsoda.com\/en\/wp-json\/wp\/v2\/types\/post"}],"author":[{"embeddable":true,"href":"https:\/\/www.popandsoda.com\/en\/wp-json\/wp\/v2\/users\/1"}],"replies":[{"embeddable":true,"href":"https:\/\/www.popandsoda.com\/en\/wp-json\/wp\/v2\/comments?post=28082"}],"version-history":[{"count":0,"href":"https:\/\/www.popandsoda.com\/en\/wp-json\/wp\/v2\/posts\/28082\/revisions"}],"wp:featuredmedia":[{"embeddable":true,"href":"https:\/\/www.popandsoda.com\/en\/wp-json\/wp\/v2\/media\/33950"}],"wp:attachment":[{"href":"https:\/\/www.popandsoda.com\/en\/wp-json\/wp\/v2\/media?parent=28082"}],"wp:term":[{"taxonomy":"category","embeddable":true,"href":"https:\/\/www.popandsoda.com\/en\/wp-json\/wp\/v2\/categories?post=28082"},{"taxonomy":"post_tag","embeddable":true,"href":"https:\/\/www.popandsoda.com\/en\/wp-json\/wp\/v2\/tags?post=28082"}],"curies":[{"name":"wp","href":"https:\/\/api.w.org\/{rel}","templated":true}]}}