{"id":1623,"date":"2013-07-21T11:46:42","date_gmt":"2013-07-21T09:46:42","guid":{"rendered":"http:\/\/www.popandsoda.com\/?p=1623"},"modified":"2021-04-16T19:24:41","modified_gmt":"2021-04-16T17:24:41","slug":"un-layer-cake-vertical-royal","status":"publish","type":"post","link":"https:\/\/www.popandsoda.com\/en\/un-layer-cake-vertical-royal\/","title":{"rendered":"Un layer cake vertical &#038; &#8220;royal&#8221;"},"content":{"rendered":"<p>J&#8217;insiste bien sur le &#8220;Royal&#8221; entre guillemets, parce qu&#8217;entendons-nous bien, il n&#8217;a rien de royal en soi ce g\u00e2teau, (je le trouve m\u00eame un peu moche) (sisi). Par &#8220;Royal&#8221;, je fais \u00e9videmment r\u00e9f\u00e9rence au couronnement du nouveau roi des belges, qui a lieu ce jour de f\u00eate nationale. (On a essay\u00e9 de piquer la vedette au b\u00e9b\u00e9 de Kate Middleton, pas s\u00fbr que \u00e7a fonctionne.)<\/p>\n<p>N&#8217;allez pas croire que je me sent d&#8217;humeur patriotique pour autant, parce que pour tout vous avouer, je m&#8217;en fout un peu royalement (haha hem). Mais l&#8217;id\u00e9e de r\u00e9aliser un layer cake aux couleurs de la Belgique m&#8217;amusait vraiment, et j&#8217;aime bien me lancer des mini d\u00e9fis. Et puis \u00e9videmment, je m&#8217;y prend \u00e0 la derni\u00e8re minute, sinon c&#8217;est pas dr\u00f4le.<\/p>\n<p>L&#8217;id\u00e9e m&#8217;est venue lors d&#8217;un retour de d\u00eener en famille (ne cherchez pas le rapport, il n&#8217;y en a pas). Super, sauf que je n&#8217;avais jamais r\u00e9alis\u00e9 de layer cake, et encore moins de layer cake <strong>vertical<\/strong>. Non parce que je voulais pas trop me retrouver avec un drapeau allemand non plus.<\/p>\n<p><img data-recalc-dims=\"1\" loading=\"lazy\" decoding=\"async\" class=\"aligncenter size-full wp-image-1628\" src=\"https:\/\/i0.wp.com\/www.popandsoda.com\/medias\/2013\/07\/vertical_layer_cake_belgique_patriotique_gateau_2.jpg?resize=710%2C473&#038;ssl=1\" alt=\"vertical_layer_cake_belgique_patriotique_gateau_2\" width=\"710\" height=\"473\"><\/p>\n<p>Quelques recherches Google plus tard, je suis tomb\u00e9e sur ce <a href=\"http:\/\/iambaker.net\/vertical-layer-cake-tutororial-surprise-inside-cak\/\" target=\"_blank\" rel=\"noopener\">tuto<\/a>, et ce <a href=\"http:\/\/semisweetie.com\/cake-recipe\/vertical-layers-birthday-cake-tutorial\/\" target=\"_blank\" rel=\"noopener\">tuto<\/a> (en anglais). Pass\u00e9 le premier \u00e9moi, j&#8217;ai vite d\u00e9chant\u00e9 : la m\u00e9thode est tr\u00e8s bien, mais je ne voulais pas me retrouver avec 3 g\u00e2teaux sur les bras ! (oui, trois, pour les trois couleurs.)<br \/>\nJ&#8217;ai donc opt\u00e9 pour une m\u00e9thode \u00e0 la 6 \/ 4 \/ 2 : placer 2 cylindres \u00e0 tartelette de tailles diff\u00e9rentes dans un moule ! Je vous raconte pas la gal\u00e8re, vu qu&#8217;en plus mes cylindres n&#8217;avaient pas la m\u00eame hauteur. Mais BREF, je suis tout de m\u00eame parvenue \u00e0 un truc &#8220;convenable&#8221;. D&#8217;ailleurs si vous regardez bien, mon g\u00e2teau au citron, n&#8217;a pas la m\u00eame hauteur que mon g\u00e2teau \u00e0 la framboise, j&#8217;ai d\u00fb d\u00e9couper et assembler : m\u00e9thode 6 \/ 4 \/ 2 je vous dit.<\/p>\n<p><img data-recalc-dims=\"1\" loading=\"lazy\" decoding=\"async\" class=\"aligncenter size-full wp-image-1624\" src=\"https:\/\/i0.wp.com\/www.popandsoda.com\/medias\/2013\/07\/vertical_layer_cake_belgique_patriotique_gateau_3.jpg?resize=710%2C1065&#038;ssl=1\" alt=\"vertical_layer_cake_belgique_patriotique_gateau_3\" width=\"710\" height=\"1065\"><\/p>\n<p>Bon, mais il est bon au moins ce g\u00e2teau ? Oui, parce que je vous ai pas dit, j&#8217;ai opt\u00e9 pour un layer cake chocolat \/ citron \/ framboise. J&#8217;aurai pu faire une recette toute simple et bourrer de colorant, mais bof. (Il y en a quand m\u00eame hein, mais pas beaucoup du coup.)<\/p>\n<p>J&#8217;ai finalement opt\u00e9 pour la recette de <a href=\"http:\/\/chocociframboise.over-blog.com\/article-layer-cake-chocolat-citron-framboise-pour-feter-les-4-ans-du-blog-118064800.html\" target=\"_blank\" rel=\"noopener\">Chocociframboise<\/a>, sur laquelle je suis tomb\u00e9e en cherchant au d\u00e9part une recette de cake aux fraises (pour la couleur rouge). \u00c7a ne pouvait pas mieux tomber !<br \/>\nPour ce qui est de la recette, j&#8217;ai juste r\u00e9duis un peu les proportions de la partie au chocolat et mis de c\u00f4t\u00e9 les citrons confits (j&#8217;ai horreur des fruits confits). Pour un r\u00e9sultat super moelleux ! A retenter version layer cake normal !<br \/>\nJe ne vous met pas la recette, tout est tr\u00e8s bien expliqu\u00e9 chez <a href=\"http:\/\/chocociframboise.over-blog.com\/article-layer-cake-chocolat-citron-framboise-pour-feter-les-4-ans-du-blog-118064800.html\" target=\"_blank\" rel=\"noopener\">Chocociframboise<\/a>.<\/p>\n<p><img data-recalc-dims=\"1\" loading=\"lazy\" decoding=\"async\" class=\"aligncenter size-full wp-image-1625\" src=\"https:\/\/i0.wp.com\/www.popandsoda.com\/medias\/2013\/07\/vertical_layer_cake_belgique_patriotique_gateau_4.jpg?resize=710%2C1065&#038;ssl=1\" alt=\"vertical_layer_cake_belgique_patriotique_gateau_4\" width=\"710\" height=\"1065\"><\/p>\n<p>Sur ce, f\u00e9licitations et bon courage Philippe !<\/p>\n","protected":false},"excerpt":{"rendered":"<p>J&#8217;insiste bien sur le &#8220;Royal&#8221; entre guillemets, parce qu&#8217;entendons-nous bien, il n&#8217;a rien de royal en soi ce g\u00e2teau, (je le trouve m\u00eame un peu moche) (sisi). Par &#8220;Royal&#8221;, je&#8230;<\/p>\n","protected":false},"author":1,"featured_media":32357,"comment_status":"open","ping_status":"open","sticky":false,"template":"","format":"standard","meta":{"footnotes":""},"categories":[4,6,12],"tags":[15,188,25,189,7,190,191,192,13,193],"class_list":{"0":"post-1623","1":"post","2":"type-post","3":"status-publish","4":"format-standard","5":"has-post-thumbnail","7":"category-desserts","8":"category-petits-plats","9":"category-sucre","10":"tag-autumn","11":"tag-belgique","12":"tag-chocolat","13":"tag-citron","14":"tag-framboise","15":"tag-gateau","16":"tag-layer-cake","17":"tag-roi","18":"tag-summer","19":"tag-vertical-layer-cake"},"yoast_head":"<!-- This site is optimized with the Yoast SEO plugin v27.4 - https:\/\/yoast.com\/product\/yoast-seo-wordpress\/ -->\n<title>Un layer cake vertical &amp; &quot;royal&quot;<\/title>\n<meta name=\"description\" content=\"Un layer cake vertical chocolat, citron et framboise, aux couleurs de la belgique\" \/>\n<meta name=\"robots\" content=\"index, follow, max-snippet:-1, max-image-preview:large, max-video-preview:-1\" \/>\n<link rel=\"canonical\" href=\"https:\/\/www.popandsoda.com\/en\/un-layer-cake-vertical-royal\/\" \/>\n<meta property=\"og:locale\" content=\"en_US\" \/>\n<meta property=\"og:type\" content=\"article\" \/>\n<meta property=\"og:title\" content=\"Un layer cake vertical &amp; &quot;royal&quot;\" \/>\n<meta property=\"og:description\" content=\"Un layer cake vertical chocolat, citron et framboise, aux couleurs de la belgique\" \/>\n<meta property=\"og:url\" content=\"https:\/\/www.popandsoda.com\/en\/un-layer-cake-vertical-royal\/\" \/>\n<meta property=\"og:site_name\" content=\"Pop &amp; Soda\" \/>\n<meta property=\"article:published_time\" content=\"2013-07-21T09:46:42+00:00\" \/>\n<meta property=\"article:modified_time\" content=\"2021-04-16T17:24:41+00:00\" \/>\n<meta property=\"og:image\" content=\"https:\/\/i0.wp.com\/www.popandsoda.com\/medias\/2013\/07\/vertical_layer_cake_belgique_patriotique_gateau_1.jpg?fit=710%2C1065&ssl=1\" \/>\n\t<meta property=\"og:image:width\" content=\"710\" \/>\n\t<meta property=\"og:image:height\" content=\"1065\" \/>\n\t<meta property=\"og:image:type\" content=\"image\/jpeg\" \/>\n<meta name=\"author\" content=\"malak\" \/>\n<meta name=\"twitter:card\" content=\"summary_large_image\" \/>\n<meta name=\"twitter:label1\" content=\"Written by\" \/>\n\t<meta name=\"twitter:data1\" content=\"malak\" \/>\n\t<meta name=\"twitter:label2\" content=\"Est. reading time\" \/>\n\t<meta name=\"twitter:data2\" content=\"2 minutes\" \/>\n<script type=\"application\/ld+json\" class=\"yoast-schema-graph\">{\"@context\":\"https:\\\/\\\/schema.org\",\"@graph\":[{\"@type\":\"Article\",\"@id\":\"https:\\\/\\\/www.popandsoda.com\\\/en\\\/un-layer-cake-vertical-royal\\\/#article\",\"isPartOf\":{\"@id\":\"https:\\\/\\\/www.popandsoda.com\\\/en\\\/un-layer-cake-vertical-royal\\\/\"},\"author\":{\"name\":\"malak\",\"@id\":\"https:\\\/\\\/www.popandsoda.com\\\/en\\\/#\\\/schema\\\/person\\\/33106032acf03d5a69c88ef4af3c685f\"},\"headline\":\"Un layer cake vertical &#038; &#8220;royal&#8221;\",\"datePublished\":\"2013-07-21T09:46:42+00:00\",\"dateModified\":\"2021-04-16T17:24:41+00:00\",\"mainEntityOfPage\":{\"@id\":\"https:\\\/\\\/www.popandsoda.com\\\/en\\\/un-layer-cake-vertical-royal\\\/\"},\"wordCount\":513,\"commentCount\":28,\"image\":{\"@id\":\"https:\\\/\\\/www.popandsoda.com\\\/en\\\/un-layer-cake-vertical-royal\\\/#primaryimage\"},\"thumbnailUrl\":\"https:\\\/\\\/i0.wp.com\\\/www.popandsoda.com\\\/wp-content\\\/uploads\\\/2013\\\/07\\\/vertical_layer_cake_belgique_patriotique_gateau_1.jpg?fit=710%2C1065&ssl=1\",\"keywords\":[\"autumn\",\"Belgique\",\"chocolat\",\"citron\",\"framboise\",\"G\u00e2teau\",\"layer cake\",\"Roi\",\"summer\",\"vertical layer cake\"],\"articleSection\":[\"Desserts\",\"Food\",\"Sucr\u00e9\"],\"inLanguage\":\"en-US\",\"potentialAction\":[{\"@type\":\"CommentAction\",\"name\":\"Comment\",\"target\":[\"https:\\\/\\\/www.popandsoda.com\\\/en\\\/un-layer-cake-vertical-royal\\\/#respond\"]}]},{\"@type\":\"WebPage\",\"@id\":\"https:\\\/\\\/www.popandsoda.com\\\/en\\\/un-layer-cake-vertical-royal\\\/\",\"url\":\"https:\\\/\\\/www.popandsoda.com\\\/en\\\/un-layer-cake-vertical-royal\\\/\",\"name\":\"Un layer cake vertical & \\\"royal\\\"\",\"isPartOf\":{\"@id\":\"https:\\\/\\\/www.popandsoda.com\\\/en\\\/#website\"},\"primaryImageOfPage\":{\"@id\":\"https:\\\/\\\/www.popandsoda.com\\\/en\\\/un-layer-cake-vertical-royal\\\/#primaryimage\"},\"image\":{\"@id\":\"https:\\\/\\\/www.popandsoda.com\\\/en\\\/un-layer-cake-vertical-royal\\\/#primaryimage\"},\"thumbnailUrl\":\"https:\\\/\\\/i0.wp.com\\\/www.popandsoda.com\\\/wp-content\\\/uploads\\\/2013\\\/07\\\/vertical_layer_cake_belgique_patriotique_gateau_1.jpg?fit=710%2C1065&ssl=1\",\"datePublished\":\"2013-07-21T09:46:42+00:00\",\"dateModified\":\"2021-04-16T17:24:41+00:00\",\"author\":{\"@id\":\"https:\\\/\\\/www.popandsoda.com\\\/en\\\/#\\\/schema\\\/person\\\/33106032acf03d5a69c88ef4af3c685f\"},\"description\":\"Un layer cake vertical chocolat, citron et framboise, aux couleurs de la belgique\",\"breadcrumb\":{\"@id\":\"https:\\\/\\\/www.popandsoda.com\\\/en\\\/un-layer-cake-vertical-royal\\\/#breadcrumb\"},\"inLanguage\":\"en-US\",\"potentialAction\":[{\"@type\":\"ReadAction\",\"target\":[\"https:\\\/\\\/www.popandsoda.com\\\/en\\\/un-layer-cake-vertical-royal\\\/\"]}]},{\"@type\":\"ImageObject\",\"inLanguage\":\"en-US\",\"@id\":\"https:\\\/\\\/www.popandsoda.com\\\/en\\\/un-layer-cake-vertical-royal\\\/#primaryimage\",\"url\":\"https:\\\/\\\/i0.wp.com\\\/www.popandsoda.com\\\/wp-content\\\/uploads\\\/2013\\\/07\\\/vertical_layer_cake_belgique_patriotique_gateau_1.jpg?fit=710%2C1065&ssl=1\",\"contentUrl\":\"https:\\\/\\\/i0.wp.com\\\/www.popandsoda.com\\\/wp-content\\\/uploads\\\/2013\\\/07\\\/vertical_layer_cake_belgique_patriotique_gateau_1.jpg?fit=710%2C1065&ssl=1\",\"width\":710,\"height\":1065},{\"@type\":\"BreadcrumbList\",\"@id\":\"https:\\\/\\\/www.popandsoda.com\\\/en\\\/un-layer-cake-vertical-royal\\\/#breadcrumb\",\"itemListElement\":[{\"@type\":\"ListItem\",\"position\":1,\"name\":\"Accueil\",\"item\":\"https:\\\/\\\/www.popandsoda.com\\\/en\\\/\"},{\"@type\":\"ListItem\",\"position\":2,\"name\":\"Un layer cake vertical &#038; &#8220;royal&#8221;\"}]},{\"@type\":\"WebSite\",\"@id\":\"https:\\\/\\\/www.popandsoda.com\\\/en\\\/#website\",\"url\":\"https:\\\/\\\/www.popandsoda.com\\\/en\\\/\",\"name\":\"Pop &amp; Soda\",\"description\":\"Photographe Culinaire \u00e0 Bruxelles\",\"potentialAction\":[{\"@type\":\"SearchAction\",\"target\":{\"@type\":\"EntryPoint\",\"urlTemplate\":\"https:\\\/\\\/www.popandsoda.com\\\/en\\\/?s={search_term_string}\"},\"query-input\":{\"@type\":\"PropertyValueSpecification\",\"valueRequired\":true,\"valueName\":\"search_term_string\"}}],\"inLanguage\":\"en-US\"},{\"@type\":\"Person\",\"@id\":\"https:\\\/\\\/www.popandsoda.com\\\/en\\\/#\\\/schema\\\/person\\\/33106032acf03d5a69c88ef4af3c685f\",\"name\":\"malak\",\"image\":{\"@type\":\"ImageObject\",\"inLanguage\":\"en-US\",\"@id\":\"https:\\\/\\\/secure.gravatar.com\\\/avatar\\\/c9be51b6250ba6bfdb0a0e8761e68f9ba5628d3fd6586be4b11be162952cfe99?s=96&d=mm&r=g\",\"url\":\"https:\\\/\\\/secure.gravatar.com\\\/avatar\\\/c9be51b6250ba6bfdb0a0e8761e68f9ba5628d3fd6586be4b11be162952cfe99?s=96&d=mm&r=g\",\"contentUrl\":\"https:\\\/\\\/secure.gravatar.com\\\/avatar\\\/c9be51b6250ba6bfdb0a0e8761e68f9ba5628d3fd6586be4b11be162952cfe99?s=96&d=mm&r=g\",\"caption\":\"malak\"},\"sameAs\":[\"http:\\\/\\\/popandsoda.test.malak.be\"],\"url\":\"https:\\\/\\\/www.popandsoda.com\\\/en\\\/author\\\/malak\\\/\"}]}<\/script>\n<!-- \/ Yoast SEO plugin. -->","yoast_head_json":{"title":"Un layer cake vertical & \"royal\"","description":"Un layer cake vertical chocolat, citron et framboise, aux couleurs de la belgique","robots":{"index":"index","follow":"follow","max-snippet":"max-snippet:-1","max-image-preview":"max-image-preview:large","max-video-preview":"max-video-preview:-1"},"canonical":"https:\/\/www.popandsoda.com\/en\/un-layer-cake-vertical-royal\/","og_locale":"en_US","og_type":"article","og_title":"Un layer cake vertical & \"royal\"","og_description":"Un layer cake vertical chocolat, citron et framboise, aux couleurs de la belgique","og_url":"https:\/\/www.popandsoda.com\/en\/un-layer-cake-vertical-royal\/","og_site_name":"Pop &amp; Soda","article_published_time":"2013-07-21T09:46:42+00:00","article_modified_time":"2021-04-16T17:24:41+00:00","og_image":[{"width":710,"height":1065,"url":"https:\/\/i0.wp.com\/www.popandsoda.com\/medias\/2013\/07\/vertical_layer_cake_belgique_patriotique_gateau_1.jpg?fit=710%2C1065&ssl=1","type":"image\/jpeg"}],"author":"malak","twitter_card":"summary_large_image","twitter_misc":{"Written by":"malak","Est. reading time":"2 minutes"},"schema":{"@context":"https:\/\/schema.org","@graph":[{"@type":"Article","@id":"https:\/\/www.popandsoda.com\/en\/un-layer-cake-vertical-royal\/#article","isPartOf":{"@id":"https:\/\/www.popandsoda.com\/en\/un-layer-cake-vertical-royal\/"},"author":{"name":"malak","@id":"https:\/\/www.popandsoda.com\/en\/#\/schema\/person\/33106032acf03d5a69c88ef4af3c685f"},"headline":"Un layer cake vertical &#038; &#8220;royal&#8221;","datePublished":"2013-07-21T09:46:42+00:00","dateModified":"2021-04-16T17:24:41+00:00","mainEntityOfPage":{"@id":"https:\/\/www.popandsoda.com\/en\/un-layer-cake-vertical-royal\/"},"wordCount":513,"commentCount":28,"image":{"@id":"https:\/\/www.popandsoda.com\/en\/un-layer-cake-vertical-royal\/#primaryimage"},"thumbnailUrl":"https:\/\/i0.wp.com\/www.popandsoda.com\/medias\/2013\/07\/vertical_layer_cake_belgique_patriotique_gateau_1.jpg?fit=710%2C1065&ssl=1","keywords":["autumn","Belgique","chocolat","citron","framboise","G\u00e2teau","layer cake","Roi","summer","vertical layer cake"],"articleSection":["Desserts","Food","Sucr\u00e9"],"inLanguage":"en-US","potentialAction":[{"@type":"CommentAction","name":"Comment","target":["https:\/\/www.popandsoda.com\/en\/un-layer-cake-vertical-royal\/#respond"]}]},{"@type":"WebPage","@id":"https:\/\/www.popandsoda.com\/en\/un-layer-cake-vertical-royal\/","url":"https:\/\/www.popandsoda.com\/en\/un-layer-cake-vertical-royal\/","name":"Un layer cake vertical & \"royal\"","isPartOf":{"@id":"https:\/\/www.popandsoda.com\/en\/#website"},"primaryImageOfPage":{"@id":"https:\/\/www.popandsoda.com\/en\/un-layer-cake-vertical-royal\/#primaryimage"},"image":{"@id":"https:\/\/www.popandsoda.com\/en\/un-layer-cake-vertical-royal\/#primaryimage"},"thumbnailUrl":"https:\/\/i0.wp.com\/www.popandsoda.com\/medias\/2013\/07\/vertical_layer_cake_belgique_patriotique_gateau_1.jpg?fit=710%2C1065&ssl=1","datePublished":"2013-07-21T09:46:42+00:00","dateModified":"2021-04-16T17:24:41+00:00","author":{"@id":"https:\/\/www.popandsoda.com\/en\/#\/schema\/person\/33106032acf03d5a69c88ef4af3c685f"},"description":"Un layer cake vertical chocolat, citron et framboise, aux couleurs de la belgique","breadcrumb":{"@id":"https:\/\/www.popandsoda.com\/en\/un-layer-cake-vertical-royal\/#breadcrumb"},"inLanguage":"en-US","potentialAction":[{"@type":"ReadAction","target":["https:\/\/www.popandsoda.com\/en\/un-layer-cake-vertical-royal\/"]}]},{"@type":"ImageObject","inLanguage":"en-US","@id":"https:\/\/www.popandsoda.com\/en\/un-layer-cake-vertical-royal\/#primaryimage","url":"https:\/\/i0.wp.com\/www.popandsoda.com\/medias\/2013\/07\/vertical_layer_cake_belgique_patriotique_gateau_1.jpg?fit=710%2C1065&ssl=1","contentUrl":"https:\/\/i0.wp.com\/www.popandsoda.com\/medias\/2013\/07\/vertical_layer_cake_belgique_patriotique_gateau_1.jpg?fit=710%2C1065&ssl=1","width":710,"height":1065},{"@type":"BreadcrumbList","@id":"https:\/\/www.popandsoda.com\/en\/un-layer-cake-vertical-royal\/#breadcrumb","itemListElement":[{"@type":"ListItem","position":1,"name":"Accueil","item":"https:\/\/www.popandsoda.com\/en\/"},{"@type":"ListItem","position":2,"name":"Un layer cake vertical &#038; &#8220;royal&#8221;"}]},{"@type":"WebSite","@id":"https:\/\/www.popandsoda.com\/en\/#website","url":"https:\/\/www.popandsoda.com\/en\/","name":"Pop &amp; Soda","description":"Photographe Culinaire \u00e0 Bruxelles","potentialAction":[{"@type":"SearchAction","target":{"@type":"EntryPoint","urlTemplate":"https:\/\/www.popandsoda.com\/en\/?s={search_term_string}"},"query-input":{"@type":"PropertyValueSpecification","valueRequired":true,"valueName":"search_term_string"}}],"inLanguage":"en-US"},{"@type":"Person","@id":"https:\/\/www.popandsoda.com\/en\/#\/schema\/person\/33106032acf03d5a69c88ef4af3c685f","name":"malak","image":{"@type":"ImageObject","inLanguage":"en-US","@id":"https:\/\/secure.gravatar.com\/avatar\/c9be51b6250ba6bfdb0a0e8761e68f9ba5628d3fd6586be4b11be162952cfe99?s=96&d=mm&r=g","url":"https:\/\/secure.gravatar.com\/avatar\/c9be51b6250ba6bfdb0a0e8761e68f9ba5628d3fd6586be4b11be162952cfe99?s=96&d=mm&r=g","contentUrl":"https:\/\/secure.gravatar.com\/avatar\/c9be51b6250ba6bfdb0a0e8761e68f9ba5628d3fd6586be4b11be162952cfe99?s=96&d=mm&r=g","caption":"malak"},"sameAs":["http:\/\/popandsoda.test.malak.be"],"url":"https:\/\/www.popandsoda.com\/en\/author\/malak\/"}]}},"jetpack_featured_media_url":"https:\/\/i0.wp.com\/www.popandsoda.com\/medias\/2013\/07\/vertical_layer_cake_belgique_patriotique_gateau_1.jpg?fit=710%2C1065&ssl=1","jetpack_shortlink":"https:\/\/wp.me\/pd2mPb-qb","_links":{"self":[{"href":"https:\/\/www.popandsoda.com\/en\/wp-json\/wp\/v2\/posts\/1623","targetHints":{"allow":["GET"]}}],"collection":[{"href":"https:\/\/www.popandsoda.com\/en\/wp-json\/wp\/v2\/posts"}],"about":[{"href":"https:\/\/www.popandsoda.com\/en\/wp-json\/wp\/v2\/types\/post"}],"author":[{"embeddable":true,"href":"https:\/\/www.popandsoda.com\/en\/wp-json\/wp\/v2\/users\/1"}],"replies":[{"embeddable":true,"href":"https:\/\/www.popandsoda.com\/en\/wp-json\/wp\/v2\/comments?post=1623"}],"version-history":[{"count":0,"href":"https:\/\/www.popandsoda.com\/en\/wp-json\/wp\/v2\/posts\/1623\/revisions"}],"wp:featuredmedia":[{"embeddable":true,"href":"https:\/\/www.popandsoda.com\/en\/wp-json\/wp\/v2\/media\/32357"}],"wp:attachment":[{"href":"https:\/\/www.popandsoda.com\/en\/wp-json\/wp\/v2\/media?parent=1623"}],"wp:term":[{"taxonomy":"category","embeddable":true,"href":"https:\/\/www.popandsoda.com\/en\/wp-json\/wp\/v2\/categories?post=1623"},{"taxonomy":"post_tag","embeddable":true,"href":"https:\/\/www.popandsoda.com\/en\/wp-json\/wp\/v2\/tags?post=1623"}],"curies":[{"name":"wp","href":"https:\/\/api.w.org\/{rel}","templated":true}]}}